{"id":972,"date":"2024-09-12T07:27:04","date_gmt":"2024-09-12T07:27:04","guid":{"rendered":"https:\/\/www.equipare.com\/?p=972"},"modified":"2024-09-12T07:27:05","modified_gmt":"2024-09-12T07:27:05","slug":"que-es-la-dinamizacion-de-procesos","status":"publish","type":"post","link":"https:\/\/www.equipare.com\/eu\/que-es-la-dinamizacion-de-procesos\/","title":{"rendered":"\u00bfQu\u00e9 es la dinamizaci\u00f3n de procesos?"},"content":{"rendered":"<p>La <em>dinamizaci\u00f3n de procesos<\/em> consiste en facilitar el di\u00e1logo, la participaci\u00f3n y la colaboraci\u00f3n en diversos entornos con el objetivo de generar cambios significativos. Este enfoque permite a las personas y colectivos tomar conciencia de las desigualdades estructurales y proponer soluciones que promuevan el empoderamiento y la justicia social.<\/p>\n\n\n\n<p>Nuestra metodolog\u00eda se basa en un enfoque <strong>sist\u00e9mico<\/strong>, que entiende a las organizaciones y comunidades como sistemas interconectados; <strong>feminista<\/strong>, que desaf\u00eda las estructuras de poder y privilegio; e <strong>interseccional<\/strong>, que considera la multiplicidad de opresiones que afectan a las personas en funci\u00f3n de su g\u00e9nero, clase, etnia, orientaci\u00f3n sexual, entre otros factores.<\/p>\n\n\n\n<h3 class=\"wp-block-heading\">Acompa\u00f1amiento para el empoderamiento de mujeres y colectivos feministas<\/h3>\n\n\n\n<p>Uno de los ejes centrales de nuestra labor es el acompa\u00f1amiento a procesos que promuevan el <strong>empoderamiento individual, colectivo y social de las mujeres<\/strong>. Trabajamos junto a Consejos de Igualdad, asociaciones de mujeres y colectivos feministas, facilitando su fortalecimiento para que puedan liderar cambios en sus comunidades. A trav\u00e9s de estos espacios, se generan propuestas para combatir las desigualdades y promover la justicia social y de g\u00e9nero.<\/p>\n\n\n\n<h3 class=\"wp-block-heading\">Dinamizaci\u00f3n en organizaciones y entidades<\/h3>\n\n\n\n<p>Facilitamos espacios de di\u00e1logo en <strong>organizaciones y entidades<\/strong> para ayudar a construir procesos de cambio y fortalecimiento organizacional. Estos espacios permiten a las personas reflexionar de manera conjunta sobre las din\u00e1micas internas, los desaf\u00edos a los que se enfrentan y las posibles soluciones para mejorar su estructura y funcionamiento. De este modo, se promueve un cambio organizacional que tiene en cuenta las necesidades de todas las personas involucradas, desde una perspectiva de equidad.<\/p>\n\n\n\n<h3 class=\"wp-block-heading\">Transformaci\u00f3n de los patios escolares con perspectiva interseccional<\/h3>\n\n\n\n<p>En el \u00e1mbito educativo, acompa\u00f1amos a la <strong>comunidad educativa<\/strong> en el dise\u00f1o de propuestas para la <strong>transformaci\u00f3n de los patios escolares<\/strong> con una <strong>perspectiva interseccional<\/strong>. Estos espacios de recreo y socializaci\u00f3n juegan un papel fundamental en la construcci\u00f3n de relaciones y din\u00e1micas de poder entre las y los estudiantes. Al dinamizar estos procesos, aseguramos que los patios escolares sean espacios inclusivos, donde se promueva la igualdad y la diversidad desde una edad temprana.<\/p>\n\n\n\n<h3 class=\"wp-block-heading\">Importancia de la dinamizaci\u00f3n de procesos<\/h3>\n\n\n\n<p>La <em>dinamizaci\u00f3n de procesos<\/em> es esencial para impulsar cambios estructurales que promuevan una mayor justicia social, equidad de g\u00e9nero y cohesi\u00f3n comunitaria. Estos procesos generan un espacio seguro donde se fomenta la participaci\u00f3n activa y la toma de decisiones colectivas, permitiendo que las personas involucradas identifiquen los problemas y trabajen en soluciones de manera conjunta. Adem\u00e1s, facilitan el fortalecimiento de los colectivos implicados, fomentando su capacidad para liderar transformaciones en su entorno.<\/p>","protected":false},"excerpt":{"rendered":"<p>La dinamizaci\u00f3n de procesos consiste en facilitar el di\u00e1logo, la participaci\u00f3n y la colaboraci\u00f3n en diversos entornos con el objetivo de generar cambios significativos. Este enfoque permite a las personas y colectivos tomar conciencia de las desigualdades estructurales y proponer soluciones que promuevan el empoderamiento y la justicia social. Nuestra metodolog\u00eda se basa en un [&hellip;]<\/p>","protected":false},"author":2,"featured_media":0,"comment_status":"open","ping_status":"open","sticky":false,"template":"","format":"standard","meta":{"_et_pb_use_builder":"","_et_pb_old_content":"","_et_gb_content_width":"","footnotes":""},"categories":[1],"tags":[],"class_list":["post-972","post","type-post","status-publish","format-standard","hentry","category-sin-categoria"],"yoast_head":"<!-- This site is optimized with the Yoast SEO plugin v27.5 - https:\/\/yoast.com\/product\/yoast-seo-wordpress\/ -->\n<title>\u00bfQu\u00e9 es la dinamizaci\u00f3n de procesos? - Equipare<\/title>\n<meta name=\"robots\" content=\"index, follow, max-snippet:-1, max-image-preview:large, max-video-preview:-1\" \/>\n<link rel=\"canonical\" href=\"https:\/\/www.equipare.com\/eu\/que-es-la-dinamizacion-de-procesos\/\" \/>\n<meta property=\"og:locale\" content=\"en_US\" \/>\n<meta property=\"og:type\" content=\"article\" \/>\n<meta property=\"og:title\" content=\"\u00bfQu\u00e9 es la dinamizaci\u00f3n de procesos? - Equipare\" \/>\n<meta property=\"og:description\" content=\"La dinamizaci\u00f3n de procesos consiste en facilitar el di\u00e1logo, la participaci\u00f3n y la colaboraci\u00f3n en diversos entornos con el objetivo de generar cambios significativos. Este enfoque permite a las personas y colectivos tomar conciencia de las desigualdades estructurales y proponer soluciones que promuevan el empoderamiento y la justicia social. Nuestra metodolog\u00eda se basa en un [&hellip;]\" \/>\n<meta property=\"og:url\" content=\"https:\/\/www.equipare.com\/eu\/que-es-la-dinamizacion-de-procesos\/\" \/>\n<meta property=\"og:site_name\" content=\"Equipare\" \/>\n<meta property=\"article:published_time\" content=\"2024-09-12T07:27:04+00:00\" \/>\n<meta property=\"article:modified_time\" content=\"2024-09-12T07:27:05+00:00\" \/>\n<meta name=\"author\" content=\"samuel\" \/>\n<meta name=\"twitter:card\" content=\"summary_large_image\" \/>\n<meta name=\"twitter:label1\" content=\"Written by\" \/>\n\t<meta name=\"twitter:data1\" content=\"samuel\" \/>\n\t<meta name=\"twitter:label2\" content=\"Est. reading time\" \/>\n\t<meta name=\"twitter:data2\" content=\"2 minutua\" \/>\n<script type=\"application\/ld+json\" class=\"yoast-schema-graph\">{\"@context\":\"https:\\\/\\\/schema.org\",\"@graph\":[{\"@type\":\"Article\",\"@id\":\"https:\\\/\\\/www.equipare.com\\\/que-es-la-dinamizacion-de-procesos\\\/#article\",\"isPartOf\":{\"@id\":\"https:\\\/\\\/www.equipare.com\\\/que-es-la-dinamizacion-de-procesos\\\/\"},\"author\":{\"name\":\"samuel\",\"@id\":\"https:\\\/\\\/www.equipare.com\\\/#\\\/schema\\\/person\\\/fb8fe3703204d868dc9d940677aacb2b\"},\"headline\":\"\u00bfQu\u00e9 es la dinamizaci\u00f3n de procesos?\",\"datePublished\":\"2024-09-12T07:27:04+00:00\",\"dateModified\":\"2024-09-12T07:27:05+00:00\",\"mainEntityOfPage\":{\"@id\":\"https:\\\/\\\/www.equipare.com\\\/que-es-la-dinamizacion-de-procesos\\\/\"},\"wordCount\":452,\"commentCount\":0,\"publisher\":{\"@id\":\"https:\\\/\\\/www.equipare.com\\\/#organization\"},\"articleSection\":[\"Sin categor\u00eda\"],\"inLanguage\":\"eu\",\"potentialAction\":[{\"@type\":\"CommentAction\",\"name\":\"Comment\",\"target\":[\"https:\\\/\\\/www.equipare.com\\\/que-es-la-dinamizacion-de-procesos\\\/#respond\"]}]},{\"@type\":\"WebPage\",\"@id\":\"https:\\\/\\\/www.equipare.com\\\/que-es-la-dinamizacion-de-procesos\\\/\",\"url\":\"https:\\\/\\\/www.equipare.com\\\/que-es-la-dinamizacion-de-procesos\\\/\",\"name\":\"\u00bfQu\u00e9 es la dinamizaci\u00f3n de procesos? - Equipare\",\"isPartOf\":{\"@id\":\"https:\\\/\\\/www.equipare.com\\\/#website\"},\"datePublished\":\"2024-09-12T07:27:04+00:00\",\"dateModified\":\"2024-09-12T07:27:05+00:00\",\"breadcrumb\":{\"@id\":\"https:\\\/\\\/www.equipare.com\\\/que-es-la-dinamizacion-de-procesos\\\/#breadcrumb\"},\"inLanguage\":\"eu\",\"potentialAction\":[{\"@type\":\"ReadAction\",\"target\":[\"https:\\\/\\\/www.equipare.com\\\/que-es-la-dinamizacion-de-procesos\\\/\"]}]},{\"@type\":\"BreadcrumbList\",\"@id\":\"https:\\\/\\\/www.equipare.com\\\/que-es-la-dinamizacion-de-procesos\\\/#breadcrumb\",\"itemListElement\":[{\"@type\":\"ListItem\",\"position\":1,\"name\":\"Portada\",\"item\":\"https:\\\/\\\/www.equipare.com\\\/\"},{\"@type\":\"ListItem\",\"position\":2,\"name\":\"\u00bfQu\u00e9 es la dinamizaci\u00f3n de procesos?\"}]},{\"@type\":\"WebSite\",\"@id\":\"https:\\\/\\\/www.equipare.com\\\/#website\",\"url\":\"https:\\\/\\\/www.equipare.com\\\/\",\"name\":\"Equipare\",\"description\":\"\",\"publisher\":{\"@id\":\"https:\\\/\\\/www.equipare.com\\\/#organization\"},\"potentialAction\":[{\"@type\":\"SearchAction\",\"target\":{\"@type\":\"EntryPoint\",\"urlTemplate\":\"https:\\\/\\\/www.equipare.com\\\/?s={search_term_string}\"},\"query-input\":{\"@type\":\"PropertyValueSpecification\",\"valueRequired\":true,\"valueName\":\"search_term_string\"}}],\"inLanguage\":\"eu\"},{\"@type\":\"Organization\",\"@id\":\"https:\\\/\\\/www.equipare.com\\\/#organization\",\"name\":\"Equipare\",\"url\":\"https:\\\/\\\/www.equipare.com\\\/\",\"logo\":{\"@type\":\"ImageObject\",\"inLanguage\":\"eu\",\"@id\":\"https:\\\/\\\/www.equipare.com\\\/#\\\/schema\\\/logo\\\/image\\\/\",\"url\":\"https:\\\/\\\/www.equipare.com\\\/wp-content\\\/uploads\\\/2023\\\/11\\\/equipare_logo.png\",\"contentUrl\":\"https:\\\/\\\/www.equipare.com\\\/wp-content\\\/uploads\\\/2023\\\/11\\\/equipare_logo.png\",\"width\":680,\"height\":387,\"caption\":\"Equipare\"},\"image\":{\"@id\":\"https:\\\/\\\/www.equipare.com\\\/#\\\/schema\\\/logo\\\/image\\\/\"}},{\"@type\":\"Person\",\"@id\":\"https:\\\/\\\/www.equipare.com\\\/#\\\/schema\\\/person\\\/fb8fe3703204d868dc9d940677aacb2b\",\"name\":\"samuel\",\"image\":{\"@type\":\"ImageObject\",\"inLanguage\":\"eu\",\"@id\":\"https:\\\/\\\/secure.gravatar.com\\\/avatar\\\/b2ba865d250488adbde56636cd11124017b7e3b1ebf142f46072db701de71061?s=96&d=mm&r=g\",\"url\":\"https:\\\/\\\/secure.gravatar.com\\\/avatar\\\/b2ba865d250488adbde56636cd11124017b7e3b1ebf142f46072db701de71061?s=96&d=mm&r=g\",\"contentUrl\":\"https:\\\/\\\/secure.gravatar.com\\\/avatar\\\/b2ba865d250488adbde56636cd11124017b7e3b1ebf142f46072db701de71061?s=96&d=mm&r=g\",\"caption\":\"samuel\"},\"url\":\"https:\\\/\\\/www.equipare.com\\\/eu\\\/author\\\/samuel\\\/\"}]}<\/script>\n<!-- \/ Yoast SEO plugin. -->","yoast_head_json":{"title":"\u00bfQu\u00e9 es la dinamizaci\u00f3n de procesos? - Equipare","robots":{"index":"index","follow":"follow","max-snippet":"max-snippet:-1","max-image-preview":"max-image-preview:large","max-video-preview":"max-video-preview:-1"},"canonical":"https:\/\/www.equipare.com\/eu\/que-es-la-dinamizacion-de-procesos\/","og_locale":"en_US","og_type":"article","og_title":"\u00bfQu\u00e9 es la dinamizaci\u00f3n de procesos? - Equipare","og_description":"La dinamizaci\u00f3n de procesos consiste en facilitar el di\u00e1logo, la participaci\u00f3n y la colaboraci\u00f3n en diversos entornos con el objetivo de generar cambios significativos. Este enfoque permite a las personas y colectivos tomar conciencia de las desigualdades estructurales y proponer soluciones que promuevan el empoderamiento y la justicia social. Nuestra metodolog\u00eda se basa en un [&hellip;]","og_url":"https:\/\/www.equipare.com\/eu\/que-es-la-dinamizacion-de-procesos\/","og_site_name":"Equipare","article_published_time":"2024-09-12T07:27:04+00:00","article_modified_time":"2024-09-12T07:27:05+00:00","author":"samuel","twitter_card":"summary_large_image","twitter_misc":{"Written by":"samuel","Est. reading time":"2 minutua"},"schema":{"@context":"https:\/\/schema.org","@graph":[{"@type":"Article","@id":"https:\/\/www.equipare.com\/que-es-la-dinamizacion-de-procesos\/#article","isPartOf":{"@id":"https:\/\/www.equipare.com\/que-es-la-dinamizacion-de-procesos\/"},"author":{"name":"samuel","@id":"https:\/\/www.equipare.com\/#\/schema\/person\/fb8fe3703204d868dc9d940677aacb2b"},"headline":"\u00bfQu\u00e9 es la dinamizaci\u00f3n de procesos?","datePublished":"2024-09-12T07:27:04+00:00","dateModified":"2024-09-12T07:27:05+00:00","mainEntityOfPage":{"@id":"https:\/\/www.equipare.com\/que-es-la-dinamizacion-de-procesos\/"},"wordCount":452,"commentCount":0,"publisher":{"@id":"https:\/\/www.equipare.com\/#organization"},"articleSection":["Sin categor\u00eda"],"inLanguage":"eu","potentialAction":[{"@type":"CommentAction","name":"Comment","target":["https:\/\/www.equipare.com\/que-es-la-dinamizacion-de-procesos\/#respond"]}]},{"@type":"WebPage","@id":"https:\/\/www.equipare.com\/que-es-la-dinamizacion-de-procesos\/","url":"https:\/\/www.equipare.com\/que-es-la-dinamizacion-de-procesos\/","name":"\u00bfQu\u00e9 es la dinamizaci\u00f3n de procesos? - Equipare","isPartOf":{"@id":"https:\/\/www.equipare.com\/#website"},"datePublished":"2024-09-12T07:27:04+00:00","dateModified":"2024-09-12T07:27:05+00:00","breadcrumb":{"@id":"https:\/\/www.equipare.com\/que-es-la-dinamizacion-de-procesos\/#breadcrumb"},"inLanguage":"eu","potentialAction":[{"@type":"ReadAction","target":["https:\/\/www.equipare.com\/que-es-la-dinamizacion-de-procesos\/"]}]},{"@type":"BreadcrumbList","@id":"https:\/\/www.equipare.com\/que-es-la-dinamizacion-de-procesos\/#breadcrumb","itemListElement":[{"@type":"ListItem","position":1,"name":"Portada","item":"https:\/\/www.equipare.com\/"},{"@type":"ListItem","position":2,"name":"\u00bfQu\u00e9 es la dinamizaci\u00f3n de procesos?"}]},{"@type":"WebSite","@id":"https:\/\/www.equipare.com\/#website","url":"https:\/\/www.equipare.com\/","name":"Equipare","description":"","publisher":{"@id":"https:\/\/www.equipare.com\/#organization"},"potentialAction":[{"@type":"SearchAction","target":{"@type":"EntryPoint","urlTemplate":"https:\/\/www.equipare.com\/?s={search_term_string}"},"query-input":{"@type":"PropertyValueSpecification","valueRequired":true,"valueName":"search_term_string"}}],"inLanguage":"eu"},{"@type":"Organization","@id":"https:\/\/www.equipare.com\/#organization","name":"Equipare","url":"https:\/\/www.equipare.com\/","logo":{"@type":"ImageObject","inLanguage":"eu","@id":"https:\/\/www.equipare.com\/#\/schema\/logo\/image\/","url":"https:\/\/www.equipare.com\/wp-content\/uploads\/2023\/11\/equipare_logo.png","contentUrl":"https:\/\/www.equipare.com\/wp-content\/uploads\/2023\/11\/equipare_logo.png","width":680,"height":387,"caption":"Equipare"},"image":{"@id":"https:\/\/www.equipare.com\/#\/schema\/logo\/image\/"}},{"@type":"Person","@id":"https:\/\/www.equipare.com\/#\/schema\/person\/fb8fe3703204d868dc9d940677aacb2b","name":"samuel","image":{"@type":"ImageObject","inLanguage":"eu","@id":"https:\/\/secure.gravatar.com\/avatar\/b2ba865d250488adbde56636cd11124017b7e3b1ebf142f46072db701de71061?s=96&d=mm&r=g","url":"https:\/\/secure.gravatar.com\/avatar\/b2ba865d250488adbde56636cd11124017b7e3b1ebf142f46072db701de71061?s=96&d=mm&r=g","contentUrl":"https:\/\/secure.gravatar.com\/avatar\/b2ba865d250488adbde56636cd11124017b7e3b1ebf142f46072db701de71061?s=96&d=mm&r=g","caption":"samuel"},"url":"https:\/\/www.equipare.com\/eu\/author\/samuel\/"}]}},"_links":{"self":[{"href":"https:\/\/www.equipare.com\/eu\/wp-json\/wp\/v2\/posts\/972","targetHints":{"allow":["GET"]}}],"collection":[{"href":"https:\/\/www.equipare.com\/eu\/wp-json\/wp\/v2\/posts"}],"about":[{"href":"https:\/\/www.equipare.com\/eu\/wp-json\/wp\/v2\/types\/post"}],"author":[{"embeddable":true,"href":"https:\/\/www.equipare.com\/eu\/wp-json\/wp\/v2\/users\/2"}],"replies":[{"embeddable":true,"href":"https:\/\/www.equipare.com\/eu\/wp-json\/wp\/v2\/comments?post=972"}],"version-history":[{"count":1,"href":"https:\/\/www.equipare.com\/eu\/wp-json\/wp\/v2\/posts\/972\/revisions"}],"predecessor-version":[{"id":973,"href":"https:\/\/www.equipare.com\/eu\/wp-json\/wp\/v2\/posts\/972\/revisions\/973"}],"wp:attachment":[{"href":"https:\/\/www.equipare.com\/eu\/wp-json\/wp\/v2\/media?parent=972"}],"wp:term":[{"taxonomy":"category","embeddable":true,"href":"https:\/\/www.equipare.com\/eu\/wp-json\/wp\/v2\/categories?post=972"},{"taxonomy":"post_tag","embeddable":true,"href":"https:\/\/www.equipare.com\/eu\/wp-json\/wp\/v2\/tags?post=972"}],"curies":[{"name":"wp","href":"https:\/\/api.w.org\/{rel}","templated":true}]}}