{"id":968,"date":"2024-09-12T07:17:35","date_gmt":"2024-09-12T07:17:35","guid":{"rendered":"https:\/\/www.equipare.com\/?p=968"},"modified":"2024-09-12T07:17:36","modified_gmt":"2024-09-12T07:17:36","slug":"formacion-en-igualdad-espacios-para-el-cambio-social","status":"publish","type":"post","link":"https:\/\/www.equipare.com\/eu\/formacion-en-igualdad-espacios-para-el-cambio-social\/","title":{"rendered":"Formaci\u00f3n en Igualdad: Espacios para el Cambio Social"},"content":{"rendered":"<p>La <em>formaci\u00f3n en igualdad<\/em> consiste en dise\u00f1ar y desarrollar programas educativos que buscan sensibilizar y capacitar a personas y organizaciones sobre la importancia de la igualdad de g\u00e9nero. Estas formaciones no solo abordan la equidad entre hombres y mujeres, sino que tambi\u00e9n incluyen otras formas de discriminaci\u00f3n, analizadas desde un enfoque interseccional que considera raza, clase, orientaci\u00f3n sexual, discapacidad y otros ejes de desigualdad.<\/p>\n\n\n\n<h3 class=\"wp-block-heading\">Enfoque sist\u00e9mico, feminista e interseccional<\/h3>\n\n\n\n<p>En nuestra formaci\u00f3n en igualdad, facilitamos <strong>espacios de reflexi\u00f3n<\/strong> donde se promueve la toma de conciencia sobre las desigualdades y se generan propuestas de cambio. Este proceso de aprendizaje est\u00e1 basado en tres perspectivas clave:<\/p>\n\n\n\n<ol class=\"wp-block-list\">\n<li><strong>Sist\u00e9mica<\/strong>: Se aborda la igualdad desde un an\u00e1lisis integral que considera c\u00f3mo las estructuras sociales y organizacionales influyen en la perpetuaci\u00f3n de desigualdades.<\/li>\n\n\n\n<li><strong>Feminista<\/strong>: La formaci\u00f3n parte de una cr\u00edtica al patriarcado y promueve la igualdad de g\u00e9nero como eje fundamental del cambio.<\/li>\n\n\n\n<li><strong>Interseccional<\/strong>: Considera c\u00f3mo las diferentes formas de opresi\u00f3n (g\u00e9nero, raza, clase, etc.) interact\u00faan y afectan de manera particular a distintos grupos sociales.<\/li>\n<\/ol>\n\n\n\n<h3 class=\"wp-block-heading\">Tipos de formaci\u00f3n en igualdad<\/h3>\n\n\n\n<h4 class=\"wp-block-heading\">1. Formaci\u00f3n b\u00e1sica en materia de igualdad<\/h4>\n\n\n\n<p>Este tipo de formaci\u00f3n es ideal para introducir los conceptos fundamentales de la igualdad de g\u00e9nero, con el objetivo de que los participantes comprendan las din\u00e1micas de poder y las formas de discriminaci\u00f3n que afectan a diferentes grupos. Se adapta a las necesidades de cada entidad, ya sea una empresa, instituci\u00f3n p\u00fablica u organizaci\u00f3n no gubernamental.<\/p>\n\n\n\n<h4 class=\"wp-block-heading\">2. Talleres para la prevenci\u00f3n y actuaci\u00f3n ante las violencias machistas<\/h4>\n\n\n\n<p>La adolescencia es una etapa clave para intervenir en la prevenci\u00f3n de las violencias machistas. Nuestros <strong>talleres<\/strong> para adolescentes abordan las relaciones de poder, los roles de g\u00e9nero y las formas de violencia, proporcionando herramientas para reconocer y actuar ante estas situaciones.<\/p>\n\n\n\n<h4 class=\"wp-block-heading\">3. Formaci\u00f3n en perspectiva de g\u00e9nero para procesos, productos y servicios<\/h4>\n\n\n\n<p>Incorporar la <strong>perspectiva de g\u00e9nero<\/strong> en los procesos organizacionales, proyectos y servicios no solo garantiza la equidad, sino que tambi\u00e9n mejora la calidad y el impacto de lo que ofrecemos. Esta formaci\u00f3n ayuda a las organizaciones a integrar la igualdad en todas sus fases, desde la planificaci\u00f3n hasta la implementaci\u00f3n y evaluaci\u00f3n.<\/p>\n\n\n\n<h4 class=\"wp-block-heading\">4. Formaci\u00f3n para el cambio organizacional feminista<\/h4>\n\n\n\n<p>El <strong>cambio organizacional<\/strong> desde una perspectiva feminista es un proceso que transforma la cultura interna de las organizaciones, especialmente en entidades del tercer sector y ONGDs. Esta formaci\u00f3n impulsa la creaci\u00f3n de entornos laborales m\u00e1s inclusivos, equitativos y libres de discriminaci\u00f3n.<\/p>\n\n\n\n<h3 class=\"wp-block-heading\">\u00bfPor qu\u00e9 es importante la formaci\u00f3n en igualdad?<\/h3>\n\n\n\n<p>La formaci\u00f3n en igualdad es esencial para construir sociedades m\u00e1s inclusivas y organizaciones m\u00e1s justas. A trav\u00e9s de estos procesos, no solo se fomenta la equidad de g\u00e9nero, sino que tambi\u00e9n se previenen actitudes y comportamientos discriminatorios. Adem\u00e1s, las entidades que implementan estos programas mejoran su cohesi\u00f3n interna y generan mayor impacto social.<\/p>","protected":false},"excerpt":{"rendered":"<p>La formaci\u00f3n en igualdad consiste en dise\u00f1ar y desarrollar programas educativos que buscan sensibilizar y capacitar a personas y organizaciones sobre la importancia de la igualdad de g\u00e9nero. Estas formaciones no solo abordan la equidad entre hombres y mujeres, sino que tambi\u00e9n incluyen otras formas de discriminaci\u00f3n, analizadas desde un enfoque interseccional que considera raza, [&hellip;]<\/p>","protected":false},"author":2,"featured_media":0,"comment_status":"open","ping_status":"open","sticky":false,"template":"","format":"standard","meta":{"_et_pb_use_builder":"off","_et_pb_old_content":"","_et_gb_content_width":"","footnotes":""},"categories":[1],"tags":[],"class_list":["post-968","post","type-post","status-publish","format-standard","hentry","category-sin-categoria"],"yoast_head":"<!-- This site is optimized with the Yoast SEO plugin v27.5 - https:\/\/yoast.com\/product\/yoast-seo-wordpress\/ -->\n<title>Formaci\u00f3n en Igualdad: Espacios para el Cambio Social - Equipare<\/title>\n<meta name=\"robots\" content=\"index, follow, max-snippet:-1, max-image-preview:large, max-video-preview:-1\" \/>\n<link rel=\"canonical\" href=\"https:\/\/www.equipare.com\/eu\/formacion-en-igualdad-espacios-para-el-cambio-social\/\" \/>\n<meta property=\"og:locale\" content=\"en_US\" \/>\n<meta property=\"og:type\" content=\"article\" \/>\n<meta property=\"og:title\" content=\"Formaci\u00f3n en Igualdad: Espacios para el Cambio Social - Equipare\" \/>\n<meta property=\"og:description\" content=\"La formaci\u00f3n en igualdad consiste en dise\u00f1ar y desarrollar programas educativos que buscan sensibilizar y capacitar a personas y organizaciones sobre la importancia de la igualdad de g\u00e9nero. Estas formaciones no solo abordan la equidad entre hombres y mujeres, sino que tambi\u00e9n incluyen otras formas de discriminaci\u00f3n, analizadas desde un enfoque interseccional que considera raza, [&hellip;]\" \/>\n<meta property=\"og:url\" content=\"https:\/\/www.equipare.com\/eu\/formacion-en-igualdad-espacios-para-el-cambio-social\/\" \/>\n<meta property=\"og:site_name\" content=\"Equipare\" \/>\n<meta property=\"article:published_time\" content=\"2024-09-12T07:17:35+00:00\" \/>\n<meta property=\"article:modified_time\" content=\"2024-09-12T07:17:36+00:00\" \/>\n<meta name=\"author\" content=\"samuel\" \/>\n<meta name=\"twitter:card\" content=\"summary_large_image\" \/>\n<meta name=\"twitter:label1\" content=\"Written by\" \/>\n\t<meta name=\"twitter:data1\" content=\"samuel\" \/>\n\t<meta name=\"twitter:label2\" content=\"Est. reading time\" \/>\n\t<meta name=\"twitter:data2\" content=\"3 minutua\" \/>\n<script type=\"application\/ld+json\" class=\"yoast-schema-graph\">{\"@context\":\"https:\\\/\\\/schema.org\",\"@graph\":[{\"@type\":\"Article\",\"@id\":\"https:\\\/\\\/www.equipare.com\\\/formacion-en-igualdad-espacios-para-el-cambio-social\\\/#article\",\"isPartOf\":{\"@id\":\"https:\\\/\\\/www.equipare.com\\\/formacion-en-igualdad-espacios-para-el-cambio-social\\\/\"},\"author\":{\"name\":\"samuel\",\"@id\":\"https:\\\/\\\/www.equipare.com\\\/#\\\/schema\\\/person\\\/fb8fe3703204d868dc9d940677aacb2b\"},\"headline\":\"Formaci\u00f3n en Igualdad: Espacios para el Cambio Social\",\"datePublished\":\"2024-09-12T07:17:35+00:00\",\"dateModified\":\"2024-09-12T07:17:36+00:00\",\"mainEntityOfPage\":{\"@id\":\"https:\\\/\\\/www.equipare.com\\\/formacion-en-igualdad-espacios-para-el-cambio-social\\\/\"},\"wordCount\":523,\"commentCount\":0,\"publisher\":{\"@id\":\"https:\\\/\\\/www.equipare.com\\\/#organization\"},\"articleSection\":[\"Sin categor\u00eda\"],\"inLanguage\":\"eu\",\"potentialAction\":[{\"@type\":\"CommentAction\",\"name\":\"Comment\",\"target\":[\"https:\\\/\\\/www.equipare.com\\\/formacion-en-igualdad-espacios-para-el-cambio-social\\\/#respond\"]}]},{\"@type\":\"WebPage\",\"@id\":\"https:\\\/\\\/www.equipare.com\\\/formacion-en-igualdad-espacios-para-el-cambio-social\\\/\",\"url\":\"https:\\\/\\\/www.equipare.com\\\/formacion-en-igualdad-espacios-para-el-cambio-social\\\/\",\"name\":\"Formaci\u00f3n en Igualdad: Espacios para el Cambio Social - Equipare\",\"isPartOf\":{\"@id\":\"https:\\\/\\\/www.equipare.com\\\/#website\"},\"datePublished\":\"2024-09-12T07:17:35+00:00\",\"dateModified\":\"2024-09-12T07:17:36+00:00\",\"breadcrumb\":{\"@id\":\"https:\\\/\\\/www.equipare.com\\\/formacion-en-igualdad-espacios-para-el-cambio-social\\\/#breadcrumb\"},\"inLanguage\":\"eu\",\"potentialAction\":[{\"@type\":\"ReadAction\",\"target\":[\"https:\\\/\\\/www.equipare.com\\\/formacion-en-igualdad-espacios-para-el-cambio-social\\\/\"]}]},{\"@type\":\"BreadcrumbList\",\"@id\":\"https:\\\/\\\/www.equipare.com\\\/formacion-en-igualdad-espacios-para-el-cambio-social\\\/#breadcrumb\",\"itemListElement\":[{\"@type\":\"ListItem\",\"position\":1,\"name\":\"Portada\",\"item\":\"https:\\\/\\\/www.equipare.com\\\/\"},{\"@type\":\"ListItem\",\"position\":2,\"name\":\"Formaci\u00f3n en Igualdad: Espacios para el Cambio Social\"}]},{\"@type\":\"WebSite\",\"@id\":\"https:\\\/\\\/www.equipare.com\\\/#website\",\"url\":\"https:\\\/\\\/www.equipare.com\\\/\",\"name\":\"Equipare\",\"description\":\"\",\"publisher\":{\"@id\":\"https:\\\/\\\/www.equipare.com\\\/#organization\"},\"potentialAction\":[{\"@type\":\"SearchAction\",\"target\":{\"@type\":\"EntryPoint\",\"urlTemplate\":\"https:\\\/\\\/www.equipare.com\\\/?s={search_term_string}\"},\"query-input\":{\"@type\":\"PropertyValueSpecification\",\"valueRequired\":true,\"valueName\":\"search_term_string\"}}],\"inLanguage\":\"eu\"},{\"@type\":\"Organization\",\"@id\":\"https:\\\/\\\/www.equipare.com\\\/#organization\",\"name\":\"Equipare\",\"url\":\"https:\\\/\\\/www.equipare.com\\\/\",\"logo\":{\"@type\":\"ImageObject\",\"inLanguage\":\"eu\",\"@id\":\"https:\\\/\\\/www.equipare.com\\\/#\\\/schema\\\/logo\\\/image\\\/\",\"url\":\"https:\\\/\\\/www.equipare.com\\\/wp-content\\\/uploads\\\/2023\\\/11\\\/equipare_logo.png\",\"contentUrl\":\"https:\\\/\\\/www.equipare.com\\\/wp-content\\\/uploads\\\/2023\\\/11\\\/equipare_logo.png\",\"width\":680,\"height\":387,\"caption\":\"Equipare\"},\"image\":{\"@id\":\"https:\\\/\\\/www.equipare.com\\\/#\\\/schema\\\/logo\\\/image\\\/\"}},{\"@type\":\"Person\",\"@id\":\"https:\\\/\\\/www.equipare.com\\\/#\\\/schema\\\/person\\\/fb8fe3703204d868dc9d940677aacb2b\",\"name\":\"samuel\",\"image\":{\"@type\":\"ImageObject\",\"inLanguage\":\"eu\",\"@id\":\"https:\\\/\\\/secure.gravatar.com\\\/avatar\\\/b2ba865d250488adbde56636cd11124017b7e3b1ebf142f46072db701de71061?s=96&d=mm&r=g\",\"url\":\"https:\\\/\\\/secure.gravatar.com\\\/avatar\\\/b2ba865d250488adbde56636cd11124017b7e3b1ebf142f46072db701de71061?s=96&d=mm&r=g\",\"contentUrl\":\"https:\\\/\\\/secure.gravatar.com\\\/avatar\\\/b2ba865d250488adbde56636cd11124017b7e3b1ebf142f46072db701de71061?s=96&d=mm&r=g\",\"caption\":\"samuel\"},\"url\":\"https:\\\/\\\/www.equipare.com\\\/eu\\\/author\\\/samuel\\\/\"}]}<\/script>\n<!-- \/ Yoast SEO plugin. -->","yoast_head_json":{"title":"Formaci\u00f3n en Igualdad: Espacios para el Cambio Social - Equipare","robots":{"index":"index","follow":"follow","max-snippet":"max-snippet:-1","max-image-preview":"max-image-preview:large","max-video-preview":"max-video-preview:-1"},"canonical":"https:\/\/www.equipare.com\/eu\/formacion-en-igualdad-espacios-para-el-cambio-social\/","og_locale":"en_US","og_type":"article","og_title":"Formaci\u00f3n en Igualdad: Espacios para el Cambio Social - Equipare","og_description":"La formaci\u00f3n en igualdad consiste en dise\u00f1ar y desarrollar programas educativos que buscan sensibilizar y capacitar a personas y organizaciones sobre la importancia de la igualdad de g\u00e9nero. Estas formaciones no solo abordan la equidad entre hombres y mujeres, sino que tambi\u00e9n incluyen otras formas de discriminaci\u00f3n, analizadas desde un enfoque interseccional que considera raza, [&hellip;]","og_url":"https:\/\/www.equipare.com\/eu\/formacion-en-igualdad-espacios-para-el-cambio-social\/","og_site_name":"Equipare","article_published_time":"2024-09-12T07:17:35+00:00","article_modified_time":"2024-09-12T07:17:36+00:00","author":"samuel","twitter_card":"summary_large_image","twitter_misc":{"Written by":"samuel","Est. reading time":"3 minutua"},"schema":{"@context":"https:\/\/schema.org","@graph":[{"@type":"Article","@id":"https:\/\/www.equipare.com\/formacion-en-igualdad-espacios-para-el-cambio-social\/#article","isPartOf":{"@id":"https:\/\/www.equipare.com\/formacion-en-igualdad-espacios-para-el-cambio-social\/"},"author":{"name":"samuel","@id":"https:\/\/www.equipare.com\/#\/schema\/person\/fb8fe3703204d868dc9d940677aacb2b"},"headline":"Formaci\u00f3n en Igualdad: Espacios para el Cambio Social","datePublished":"2024-09-12T07:17:35+00:00","dateModified":"2024-09-12T07:17:36+00:00","mainEntityOfPage":{"@id":"https:\/\/www.equipare.com\/formacion-en-igualdad-espacios-para-el-cambio-social\/"},"wordCount":523,"commentCount":0,"publisher":{"@id":"https:\/\/www.equipare.com\/#organization"},"articleSection":["Sin categor\u00eda"],"inLanguage":"eu","potentialAction":[{"@type":"CommentAction","name":"Comment","target":["https:\/\/www.equipare.com\/formacion-en-igualdad-espacios-para-el-cambio-social\/#respond"]}]},{"@type":"WebPage","@id":"https:\/\/www.equipare.com\/formacion-en-igualdad-espacios-para-el-cambio-social\/","url":"https:\/\/www.equipare.com\/formacion-en-igualdad-espacios-para-el-cambio-social\/","name":"Formaci\u00f3n en Igualdad: Espacios para el Cambio Social - Equipare","isPartOf":{"@id":"https:\/\/www.equipare.com\/#website"},"datePublished":"2024-09-12T07:17:35+00:00","dateModified":"2024-09-12T07:17:36+00:00","breadcrumb":{"@id":"https:\/\/www.equipare.com\/formacion-en-igualdad-espacios-para-el-cambio-social\/#breadcrumb"},"inLanguage":"eu","potentialAction":[{"@type":"ReadAction","target":["https:\/\/www.equipare.com\/formacion-en-igualdad-espacios-para-el-cambio-social\/"]}]},{"@type":"BreadcrumbList","@id":"https:\/\/www.equipare.com\/formacion-en-igualdad-espacios-para-el-cambio-social\/#breadcrumb","itemListElement":[{"@type":"ListItem","position":1,"name":"Portada","item":"https:\/\/www.equipare.com\/"},{"@type":"ListItem","position":2,"name":"Formaci\u00f3n en Igualdad: Espacios para el Cambio Social"}]},{"@type":"WebSite","@id":"https:\/\/www.equipare.com\/#website","url":"https:\/\/www.equipare.com\/","name":"Equipare","description":"","publisher":{"@id":"https:\/\/www.equipare.com\/#organization"},"potentialAction":[{"@type":"SearchAction","target":{"@type":"EntryPoint","urlTemplate":"https:\/\/www.equipare.com\/?s={search_term_string}"},"query-input":{"@type":"PropertyValueSpecification","valueRequired":true,"valueName":"search_term_string"}}],"inLanguage":"eu"},{"@type":"Organization","@id":"https:\/\/www.equipare.com\/#organization","name":"Equipare","url":"https:\/\/www.equipare.com\/","logo":{"@type":"ImageObject","inLanguage":"eu","@id":"https:\/\/www.equipare.com\/#\/schema\/logo\/image\/","url":"https:\/\/www.equipare.com\/wp-content\/uploads\/2023\/11\/equipare_logo.png","contentUrl":"https:\/\/www.equipare.com\/wp-content\/uploads\/2023\/11\/equipare_logo.png","width":680,"height":387,"caption":"Equipare"},"image":{"@id":"https:\/\/www.equipare.com\/#\/schema\/logo\/image\/"}},{"@type":"Person","@id":"https:\/\/www.equipare.com\/#\/schema\/person\/fb8fe3703204d868dc9d940677aacb2b","name":"samuel","image":{"@type":"ImageObject","inLanguage":"eu","@id":"https:\/\/secure.gravatar.com\/avatar\/b2ba865d250488adbde56636cd11124017b7e3b1ebf142f46072db701de71061?s=96&d=mm&r=g","url":"https:\/\/secure.gravatar.com\/avatar\/b2ba865d250488adbde56636cd11124017b7e3b1ebf142f46072db701de71061?s=96&d=mm&r=g","contentUrl":"https:\/\/secure.gravatar.com\/avatar\/b2ba865d250488adbde56636cd11124017b7e3b1ebf142f46072db701de71061?s=96&d=mm&r=g","caption":"samuel"},"url":"https:\/\/www.equipare.com\/eu\/author\/samuel\/"}]}},"_links":{"self":[{"href":"https:\/\/www.equipare.com\/eu\/wp-json\/wp\/v2\/posts\/968","targetHints":{"allow":["GET"]}}],"collection":[{"href":"https:\/\/www.equipare.com\/eu\/wp-json\/wp\/v2\/posts"}],"about":[{"href":"https:\/\/www.equipare.com\/eu\/wp-json\/wp\/v2\/types\/post"}],"author":[{"embeddable":true,"href":"https:\/\/www.equipare.com\/eu\/wp-json\/wp\/v2\/users\/2"}],"replies":[{"embeddable":true,"href":"https:\/\/www.equipare.com\/eu\/wp-json\/wp\/v2\/comments?post=968"}],"version-history":[{"count":1,"href":"https:\/\/www.equipare.com\/eu\/wp-json\/wp\/v2\/posts\/968\/revisions"}],"predecessor-version":[{"id":969,"href":"https:\/\/www.equipare.com\/eu\/wp-json\/wp\/v2\/posts\/968\/revisions\/969"}],"wp:attachment":[{"href":"https:\/\/www.equipare.com\/eu\/wp-json\/wp\/v2\/media?parent=968"}],"wp:term":[{"taxonomy":"category","embeddable":true,"href":"https:\/\/www.equipare.com\/eu\/wp-json\/wp\/v2\/categories?post=968"},{"taxonomy":"post_tag","embeddable":true,"href":"https:\/\/www.equipare.com\/eu\/wp-json\/wp\/v2\/tags?post=968"}],"curies":[{"name":"wp","href":"https:\/\/api.w.org\/{rel}","templated":true}]}}